{"id":903,"date":"2025-09-09T11:59:34","date_gmt":"2025-09-09T09:59:34","guid":{"rendered":"https:\/\/www.mjcfleurbaix.fr\/?p=903"},"modified":"2025-09-11T18:05:01","modified_gmt":"2025-09-11T16:05:01","slug":"%f0%9f%94%a7%e2%98%95-repaircafe-a-la-mjc-fleurbaix-%e2%98%95%f0%9f%94%a7","status":"publish","type":"post","link":"https:\/\/www.mjcfleurbaix.fr\/?p=903","title":{"rendered":"\ud83d\udd27\u2615 Repair\u2019Caf\u00e9 \u00e0 la MJC Fleurbaix ! \u2615\ud83d\udd27"},"content":{"rendered":"\n<p class=\"wp-block-paragraph\">\ud83d\udd27\u267b\ufe0f <strong>REPAIR\u2019CAF\u00c9 \u2013 MJC FLEURBAIX<\/strong> \u267b\ufe0f\ud83d\udd27<\/p>\n\n\n\n<p class=\"wp-block-paragraph\">\ud83d\udcc5 <strong>Samedi 27 septembre 2025<\/strong><br>\ud83d\udd51 \u00c0 partir de 14h00 \u2013 \u00e0 la MJC<\/p>\n\n\n\n<p class=\"wp-block-paragraph\">Venez avec vos objets en panne (petits \u00e9lectrom\u00e9nagers, v\u00e9los, couture\u2026) et r\u00e9parez-les avec l\u2019aide de nos r\u00e9parateurs b\u00e9n\u00e9voles \ud83d\udc69\u200d\ud83d\udd27\ud83d\udc68\u200d\ud83d\udd27.<br>Un moment convivial, utile et \u00e9cologique pour donner une seconde vie \u00e0 vos objets \u2728<\/p>\n\n\n\n<p class=\"wp-block-paragraph\">\ud83c\udf89 <strong>Nouveaut\u00e9 de cette \u00e9dition<\/strong> :<br>\ud83d\udc49 <strong>D\u00e9monstration d\u2019imprimante 3D<\/strong> propos\u00e9e par <strong>Donatien<\/strong> \ud83d\udda8\ufe0f\ud83e\udd29<br>Venez d\u00e9couvrir comment cette technologie permet de cr\u00e9er des pi\u00e8ces utiles et originales !<\/p>\n\n\n\n<p class=\"wp-block-paragraph\">\u2705 Ouvert \u00e0 tous \u2013 Gratuit<br>\ud83d\udcde Infos &amp; inscriptions : 09 67 40 87 09 \/ 07 69 60 33 88<br>\ud83d\udce7 <a>mjcfleurbaix@gmail.com<\/a><\/p>\n\n\n\n<p class=\"wp-block-paragraph\">\ud83c\udf0d En participant, vous contribuez \u00e0 la r\u00e9duction des d\u00e9chets et faites un geste pour la plan\u00e8te \ud83c\udf31<\/p>\n\n\n\n<figure class=\"wp-block-image size-large\"><img loading=\"lazy\" decoding=\"async\" width=\"724\" height=\"1024\" src=\"https:\/\/www.mjcfleurbaix.fr\/wp-content\/uploads\/2025\/09\/Vous-venez-avec-vos-objets-724x1024.png\" alt=\"\" class=\"wp-image-904\" srcset=\"https:\/\/www.mjcfleurbaix.fr\/wp-content\/uploads\/2025\/09\/Vous-venez-avec-vos-objets-724x1024.png 724w, https:\/\/www.mjcfleurbaix.fr\/wp-content\/uploads\/2025\/09\/Vous-venez-avec-vos-objets-212x300.png 212w, https:\/\/www.mjcfleurbaix.fr\/wp-content\/uploads\/2025\/09\/Vous-venez-avec-vos-objets-768x1086.png 768w, https:\/\/www.mjcfleurbaix.fr\/wp-content\/uploads\/2025\/09\/Vous-venez-avec-vos-objets-1086x1536.png 1086w, https:\/\/www.mjcfleurbaix.fr\/wp-content\/uploads\/2025\/09\/Vous-venez-avec-vos-objets-1320x1867.png 1320w, https:\/\/www.mjcfleurbaix.fr\/wp-content\/uploads\/2025\/09\/Vous-venez-avec-vos-objets.png 1414w\" sizes=\"auto, (max-width: 724px) 100vw, 724px\" \/><\/figure>\n","protected":false},"excerpt":{"rendered":"<div class=\"mh-excerpt\"><p>\ud83d\udd27\u267b\ufe0f REPAIR\u2019CAF\u00c9 \u2013 MJC FLEURBAIX \u267b\ufe0f\ud83d\udd27 \ud83d\udcc5 Samedi 27 septembre 2025\ud83d\udd51 \u00c0 partir de 14h00 \u2013 \u00e0 la MJC Venez avec vos objets en panne (petits \u00e9lectrom\u00e9nagers, v\u00e9los, couture\u2026) et <a class=\"mh-excerpt-more\" href=\"https:\/\/www.mjcfleurbaix.fr\/?p=903\" title=\"\ud83d\udd27\u2615 Repair\u2019Caf\u00e9 \u00e0 la MJC Fleurbaix ! \u2615\ud83d\udd27\">[&#8230;]<\/a><\/p>\n<\/div>","protected":false},"author":2,"featured_media":904,"comment_status":"open","ping_status":"open","sticky":false,"template":"","format":"standard","meta":{"_crdt_document":"","_monsterinsights_skip_tracking":false,"_monsterinsights_sitenote_active":false,"_monsterinsights_sitenote_note":"","_monsterinsights_sitenote_category":0,"_uf_show_specific_survey":0,"_uf_disable_surveys":false,"_EventAllDay":false,"_EventTimezone":"","_EventStartDate":"","_EventEndDate":"","_EventStartDateUTC":"","_EventEndDateUTC":"","_EventShowMap":false,"_EventShowMapLink":false,"_EventURL":"","_EventCost":"","_EventCostDescription":"","_EventCurrencySymbol":"","_EventCurrencyCode":"","_EventCurrencyPosition":"","_EventDateTimeSeparator":"","_EventTimeRangeSeparator":"","_EventOrganizerID":[],"_EventVenueID":[],"_OrganizerEmail":"","_OrganizerPhone":"","_OrganizerWebsite":"","_VenueAddress":"","_VenueCity":"","_VenueCountry":"","_VenueProvince":"","_VenueState":"","_VenueZip":"","_VenuePhone":"","_VenueURL":"","_VenueStateProvince":"","_VenueLat":"","_VenueLng":"","_VenueShowMap":false,"_VenueShowMapLink":false,"footnotes":""},"categories":[42],"tags":[],"class_list":["post-903","post","type-post","status-publish","format-standard","has-post-thumbnail","hentry","category-evenements"],"_links":{"self":[{"href":"https:\/\/www.mjcfleurbaix.fr\/index.php?rest_route=\/wp\/v2\/posts\/903","targetHints":{"allow":["GET"]}}],"collection":[{"href":"https:\/\/www.mjcfleurbaix.fr\/index.php?rest_route=\/wp\/v2\/posts"}],"about":[{"href":"https:\/\/www.mjcfleurbaix.fr\/index.php?rest_route=\/wp\/v2\/types\/post"}],"author":[{"embeddable":true,"href":"https:\/\/www.mjcfleurbaix.fr\/index.php?rest_route=\/wp\/v2\/users\/2"}],"replies":[{"embeddable":true,"href":"https:\/\/www.mjcfleurbaix.fr\/index.php?rest_route=%2Fwp%2Fv2%2Fcomments&post=903"}],"version-history":[{"count":2,"href":"https:\/\/www.mjcfleurbaix.fr\/index.php?rest_route=\/wp\/v2\/posts\/903\/revisions"}],"predecessor-version":[{"id":919,"href":"https:\/\/www.mjcfleurbaix.fr\/index.php?rest_route=\/wp\/v2\/posts\/903\/revisions\/919"}],"wp:featuredmedia":[{"embeddable":true,"href":"https:\/\/www.mjcfleurbaix.fr\/index.php?rest_route=\/wp\/v2\/media\/904"}],"wp:attachment":[{"href":"https:\/\/www.mjcfleurbaix.fr\/index.php?rest_route=%2Fwp%2Fv2%2Fmedia&parent=903"}],"wp:term":[{"taxonomy":"category","embeddable":true,"href":"https:\/\/www.mjcfleurbaix.fr\/index.php?rest_route=%2Fwp%2Fv2%2Fcategories&post=903"},{"taxonomy":"post_tag","embeddable":true,"href":"https:\/\/www.mjcfleurbaix.fr\/index.php?rest_route=%2Fwp%2Fv2%2Ftags&post=903"}],"curies":[{"name":"wp","href":"https:\/\/api.w.org\/{rel}","templated":true}]}}